{"id":1808,"date":"2024-10-23T16:36:02","date_gmt":"2024-10-23T16:36:02","guid":{"rendered":"https:\/\/radiosur.com.co\/?p=1808"},"modified":"2024-10-23T16:39:00","modified_gmt":"2024-10-23T16:39:00","slug":"linea-1-del-metro-de-bogota-es-simbolo-de-sostenibilidad-ambiental","status":"publish","type":"post","link":"https:\/\/radiosur.com.co\/index.php\/2024\/10\/23\/linea-1-del-metro-de-bogota-es-simbolo-de-sostenibilidad-ambiental\/","title":{"rendered":"L\u00ednea 1 del Metro de Bogot\u00e1 es s\u00edmbolo de sostenibilidad ambiental"},"content":{"rendered":"\n<p>\u00a0En el marco de la Conferencia de las Naciones Unidas sobre Biodiversidad COP 16, que se lleva a cabo por estos d\u00edas en el pa\u00eds y que nos invita a reflexionar sobre la relaci\u00f3n que tenemos con nuestro entorno, uno de los mejores ejemplos es el de la\u00a0<strong>L\u00ednea 1 del Metro de Bogot\u00e1<\/strong>.<\/p>\n\n\n\n<p>Se trata del proyecto de infraestructura de movilidad m\u00e1s importante del pa\u00eds, que fue concebido desde su dise\u00f1o como un sistema sostenible, gracias a la inclusi\u00f3n de par\u00e1metros ambientales que contribuir\u00e1n a la prevenci\u00f3n, control y mitigaci\u00f3n de los impactos ambientales que se puedan generar por su operaci\u00f3n.<\/p>\n\n\n\n<p>Esta descarbonizaci\u00f3n del transporte p\u00fablico permitir\u00e1 ahorrar por lo menos 19 millones galones de combustibles f\u00f3siles al a\u00f1o, contribuyendo a la mejora de la calidad del aire, teniendo en cuenta que se generar\u00e1 una reducci\u00f3n de contaminantes locales NO2 (di\u00f3xido de nitr\u00f3geno), CO (mon\u00f3xido de carbono), SO2 (di\u00f3xido de azufre), PM10 (material particulado), PM2.5 (material particulado), lo cual ayudar\u00e1 a mejorar la calidad del aire de Bogot\u00e1, generando beneficios directos para la salud p\u00fablica.<\/p>\n\n\n\n<p><strong>El Metro de Bogot\u00e1 contar\u00e1 con arquitectura bioclim\u00e1tica, aprovechando el uso de la luz y la ventilaci\u00f3n natural.<\/strong>&nbsp;Tendr\u00e1 recirculaci\u00f3n del agua para su aprovechamiento en las estaciones y los trenes contar\u00e1n con iluminaci\u00f3n de tecnolog\u00eda LED.&nbsp;<\/p>\n\n\n\n<blockquote class=\"wp-block-quote is-layout-flow wp-block-quote-is-layout-flow\">\n<p>De hecho, el&nbsp;<strong>alcalde Mayor de Bogot\u00e1, Carlos Fernando Gal\u00e1n<\/strong>, visit\u00f3 las obras de la estaci\u00f3n 6 en la avenida Primero de Mayo con avenida Boyac\u00e1 y evidenci\u00f3 los avances en este frente de obra, que adem\u00e1s de la estaci\u00f3n tendr\u00e1 una estructura subterr\u00e1nea que permitir\u00e1 el&nbsp;<strong>almacenamiento de aguas lluvias<\/strong>&nbsp;con capacidad de 166 metros c\u00fabicos: \u201c La L\u00ednea 1 del Metro de Bogot\u00e1 va a tener capacidad de almacenamiento de aproximadamente 2.165 metros c\u00fabicos de agua lluvia a lo largo del trazado para ser utilizada en la red sanitaria de las estaciones del Metro\u201d.<\/p>\n<\/blockquote>\n","protected":false},"excerpt":{"rendered":"<p>\u00a0En el marco de la Conferencia de las Naciones Unidas sobre Biodiversidad COP 16, que se lleva a cabo por estos d\u00edas en el pa\u00eds y que nos invita a reflexionar sobre la relaci\u00f3n que tenemos con nuestro entorno, uno de los mejores ejemplos es el de la\u00a0L\u00ednea 1 del Metro de Bogot\u00e1. Se trata [&hellip;]<\/p>\n","protected":false},"author":2,"featured_media":1809,"comment_status":"closed","ping_status":"closed","sticky":false,"template":"","format":"standard","meta":{"om_disable_all_campaigns":false,"_monsterinsights_skip_tracking":false,"_monsterinsights_sitenote_active":false,"_monsterinsights_sitenote_note":"","_monsterinsights_sitenote_category":0,"_uf_show_specific_survey":0,"_uf_disable_surveys":false,"footnotes":""},"categories":[8],"tags":[],"class_list":["post-1808","post","type-post","status-publish","format-standard","has-post-thumbnail","hentry","category-bogota"],"aioseo_notices":[],"_links":{"self":[{"href":"https:\/\/radiosur.com.co\/index.php\/wp-json\/wp\/v2\/posts\/1808","targetHints":{"allow":["GET"]}}],"collection":[{"href":"https:\/\/radiosur.com.co\/index.php\/wp-json\/wp\/v2\/posts"}],"about":[{"href":"https:\/\/radiosur.com.co\/index.php\/wp-json\/wp\/v2\/types\/post"}],"author":[{"embeddable":true,"href":"https:\/\/radiosur.com.co\/index.php\/wp-json\/wp\/v2\/users\/2"}],"replies":[{"embeddable":true,"href":"https:\/\/radiosur.com.co\/index.php\/wp-json\/wp\/v2\/comments?post=1808"}],"version-history":[{"count":1,"href":"https:\/\/radiosur.com.co\/index.php\/wp-json\/wp\/v2\/posts\/1808\/revisions"}],"predecessor-version":[{"id":1810,"href":"https:\/\/radiosur.com.co\/index.php\/wp-json\/wp\/v2\/posts\/1808\/revisions\/1810"}],"wp:featuredmedia":[{"embeddable":true,"href":"https:\/\/radiosur.com.co\/index.php\/wp-json\/wp\/v2\/media\/1809"}],"wp:attachment":[{"href":"https:\/\/radiosur.com.co\/index.php\/wp-json\/wp\/v2\/media?parent=1808"}],"wp:term":[{"taxonomy":"category","embeddable":true,"href":"https:\/\/radiosur.com.co\/index.php\/wp-json\/wp\/v2\/categories?post=1808"},{"taxonomy":"post_tag","embeddable":true,"href":"https:\/\/radiosur.com.co\/index.php\/wp-json\/wp\/v2\/tags?post=1808"}],"curies":[{"name":"wp","href":"https:\/\/api.w.org\/{rel}","templated":true}]}}