{"id":1945,"date":"2024-11-07T14:56:50","date_gmt":"2024-11-07T14:56:50","guid":{"rendered":"https:\/\/radiosur.com.co\/?p=1945"},"modified":"2024-11-07T14:56:57","modified_gmt":"2024-11-07T14:56:57","slug":"las-voragines-el-ciclo-de-cine-que-propone-una-reflexion-sobre-este-clasico-de-la-literatura-colombiana","status":"publish","type":"post","link":"https:\/\/radiosur.com.co\/index.php\/2024\/11\/07\/las-voragines-el-ciclo-de-cine-que-propone-una-reflexion-sobre-este-clasico-de-la-literatura-colombiana\/","title":{"rendered":"La(s) Vor\u00e1gine(s), el ciclo de cine que propone una reflexi\u00f3n sobre este cl\u00e1sico de la literatura colombiana"},"content":{"rendered":"\n<p>A partir de su mirada sobre La Vor\u00e1gine, sus interpretaciones y derivaciones hist\u00f3ricas, los curadores David Hern\u00e1ndez Palmar (Colombia) y Libertad Gills (Ecuador) proponen una selecci\u00f3n de obras en las cuales se intercambien relecturas, consensos y disensos alrededor de dicha obra literaria. Esta muestra cinematogr\u00e1fica plantea exaltar el oficio curatorial desde Latinoam\u00e9rica como un gesto de creaci\u00f3n y una ruta de navegaci\u00f3n que nos permita imaginar nuevas realidades. Con La Vor\u00e1gine como punto de partida, los curadores exploran de qu\u00e9 manera ha hablado el cine de problem\u00e1ticas hist\u00f3ricas como la explotaci\u00f3n de los recursos naturales, las tensiones coloniales que a\u00fan persisten en nuestra sociedad y el genocidio cauchero; piensan las pel\u00edculas como un medio para aproximarse a la complejidad y la diversidad de la naturaleza y cuestionar los imaginarios alrededor de la selva y los llanos; se\u00f1alar el lugar que hoy han reclamado las mujeres en un relato \u00e9pico de esta \u00edndole, e insistir en el Amazonas como un territorio plurinacional que no solo ha sido retratado desde afuera, sino desde el cual tambi\u00e9n han emergido voces que han narrado las tensiones que all\u00ed tienen lugar. Para dar apertura al ciclo el pr\u00f3ximo 7 de noviembre a las 7 p.m., se presentar\u00e1: Sour Lake, de Andr\u00e9s D\u00e1vila; El laberinto, de Laura Huertas Mill\u00e1n; y Fordlandia Malaise, de Susana de Sousa D\u00edas. La proyecci\u00f3n de ingreso libre estar\u00e1 acompa\u00f1ada por un conversatorio con David Hern\u00e1ndez Palmar, curador de La(s) Vor\u00e1gine(s) y Ximena Gama, curadora de la Biblioteca Nacional de Colombia. Libertad Gills (Ecuador), cineasta, cr\u00edtica, investigadora de cine, actualmente realiza un postdoctorado en cine en la Universit\u00e0 della Svizzera italiana, en colaboraci\u00f3n con Locarno Film Festival. Ha publicado en las revistas Senses of Cinema, Short Film Studies, desistfilm, La Furia Umana, Kino Slang y para cat\u00e1logos de festivales de cine incluyendo la Berlinale. Libertad Gills propone cinco programas, el primero re\u00fane los cortometrajes: El nido del Sol e Irradiaci\u00f3n, del Colectivo Los Ingr\u00e1vidos; Xapirimuu, de Orssarara Collective; Tropic Pocket, de Camilo Restrepo; y O Peixe, de Jonathas de Andrade<\/p>\n\n\n\n<p>Por su parte, David Hern\u00e1ndez Palmar (Colombia), cineasta, fot\u00f3grafo, periodista y programador de cine ind\u00edgena, originario del pueblo way\u00fau, perteneciente al clan Iipuana, con ra\u00edces en Colombia y Venezuela, es co-director de documentales como Owners of The Water y Wounmainkat, y su cortometraje The Foreign Body tuvo su estreno mundial en el Festival Internacional de Cine de Toronto (TIFF), ganando el Primer Premio en el FICMAYAB. Es miembro activo de la Red de Comunicaciones del Pueblo Way\u00fau. David Hern\u00e1ndez Palmar propone una curadur\u00eda re\u00fane 5 programas con los siguientes t\u00edtulos: Matuna, de Rafael Mojica Gil; Antonio &amp; Piti, de Vincent Carelli y Wewito Piy\u00e3ko; Secretos del Putumayo (Segredos do Putumayo), de Aur\u00e9lio Michiles; Campesinos, de Marta Rodr\u00edguez y Jorge Silva; El r\u00edo de las tumbas, de Julio Luzardo; El hueso y la bicicleta, de Fran\u00e7ois Laurent, Luis Ariel Tovar y Olga Yaneth Bonilla; y Los silencios, de Beatriz Seigner. \u201cLas pel\u00edculas seleccionadas exploran las profundas conexiones entre la naturaleza, las lenguas y las narrativas de resistencia, al mismo tiempo que ofrecen una visi\u00f3n plural del mundo desde nuestros relatos como comunidades ind\u00edgenas, las luchas campesinas, todas atravesadas por las vor\u00e1gines contempor\u00e1neas que amenazan tanto la naturaleza como la diversidad humana\u201d, se\u00f1ala David Hern\u00e1ndez Palmar, curador invitado. La exhibici\u00f3n de pel\u00edculas tambi\u00e9n estar\u00e1 en las Cinemateca de Bogot\u00e1 en las salas El Tunal y Fontanar del R\u00edo contar\u00e1 con la presencia de las dos curadoras invitadas en alguna de las funciones propiciando una espacio de encuentro y de di\u00e1logo con el p\u00fablico.<\/p>\n\n\n\n<p><\/p>\n","protected":false},"excerpt":{"rendered":"<p>A partir de su mirada sobre La Vor\u00e1gine, sus interpretaciones y derivaciones hist\u00f3ricas, los curadores David Hern\u00e1ndez Palmar (Colombia) y Libertad Gills (Ecuador) proponen una selecci\u00f3n de obras en las cuales se intercambien relecturas, consensos y disensos alrededor de dicha obra literaria. Esta muestra cinematogr\u00e1fica plantea exaltar el oficio curatorial desde Latinoam\u00e9rica como un gesto [&hellip;]<\/p>\n","protected":false},"author":2,"featured_media":1946,"comment_status":"closed","ping_status":"closed","sticky":false,"template":"","format":"standard","meta":{"om_disable_all_campaigns":false,"_monsterinsights_skip_tracking":false,"_monsterinsights_sitenote_active":false,"_monsterinsights_sitenote_note":"","_monsterinsights_sitenote_category":0,"_uf_show_specific_survey":0,"_uf_disable_surveys":false,"footnotes":""},"categories":[14],"tags":[],"class_list":["post-1945","post","type-post","status-publish","format-standard","has-post-thumbnail","hentry","category-turismo"],"aioseo_notices":[],"_links":{"self":[{"href":"https:\/\/radiosur.com.co\/index.php\/wp-json\/wp\/v2\/posts\/1945","targetHints":{"allow":["GET"]}}],"collection":[{"href":"https:\/\/radiosur.com.co\/index.php\/wp-json\/wp\/v2\/posts"}],"about":[{"href":"https:\/\/radiosur.com.co\/index.php\/wp-json\/wp\/v2\/types\/post"}],"author":[{"embeddable":true,"href":"https:\/\/radiosur.com.co\/index.php\/wp-json\/wp\/v2\/users\/2"}],"replies":[{"embeddable":true,"href":"https:\/\/radiosur.com.co\/index.php\/wp-json\/wp\/v2\/comments?post=1945"}],"version-history":[{"count":2,"href":"https:\/\/radiosur.com.co\/index.php\/wp-json\/wp\/v2\/posts\/1945\/revisions"}],"predecessor-version":[{"id":1948,"href":"https:\/\/radiosur.com.co\/index.php\/wp-json\/wp\/v2\/posts\/1945\/revisions\/1948"}],"wp:featuredmedia":[{"embeddable":true,"href":"https:\/\/radiosur.com.co\/index.php\/wp-json\/wp\/v2\/media\/1946"}],"wp:attachment":[{"href":"https:\/\/radiosur.com.co\/index.php\/wp-json\/wp\/v2\/media?parent=1945"}],"wp:term":[{"taxonomy":"category","embeddable":true,"href":"https:\/\/radiosur.com.co\/index.php\/wp-json\/wp\/v2\/categories?post=1945"},{"taxonomy":"post_tag","embeddable":true,"href":"https:\/\/radiosur.com.co\/index.php\/wp-json\/wp\/v2\/tags?post=1945"}],"curies":[{"name":"wp","href":"https:\/\/api.w.org\/{rel}","templated":true}]}}